{"id":1539,"date":"2024-10-19T06:00:00","date_gmt":"2024-10-19T04:00:00","guid":{"rendered":"https:\/\/www.mayaelle.org\/non-classe\/aux-jeunes-tsa-atypiques-et-compagnie-2-3\/"},"modified":"2025-08-27T11:18:07","modified_gmt":"2025-08-27T09:18:07","slug":"aux-jeunes-tsa-atypiques-et-compagnie-2-3","status":"publish","type":"post","link":"https:\/\/www.mayaelle.org\/fr\/2024\/10\/19\/aux-jeunes-tsa-atypiques-et-compagnie-2-3\/","title":{"rendered":"Aux jeunes TSA, atypiques et compagnie 2\/3"},"content":{"rendered":"<p><iframe loading=\"lazy\" src=\"https:\/\/widget.ausha.co\/index.html?podcastId=zYPmKFKx2D2w&amp;display=horizontal&amp;v=2\" width=\"100%\" height=\"200px\" frameborder=\"0\" scrolling=\"no\"><\/iframe><\/p>\n<p>Second \u00e9pisode de deux-trois trucs que j&rsquo;avais \u00e0 coeur de dire aux jeunes.<br \/>\nIl n&rsquo;y a pas d&rsquo;ordre, vous \u00e9coutez dans l&rsquo;ordre souhait\u00e9.<\/p>\n<p>Aujourd&rsquo;hui on parle encore des relations interpersonnelles, de l&rsquo;autonomie, des jeux vid\u00e9os, on se demande si c&rsquo;est une passage oblig\u00e9 de sortir en bo\u00eete et faire la f\u00eate quand on est jeune, du harc\u00e8lement, du fait qu&rsquo;on est pas toujours au top ( et que c&rsquo;est ok! ), des notes et des r\u00e9sultats. De la sensibilit\u00e9, voire de l&rsquo;hypersensibilit\u00e9.<\/p>\n<p>Pour aller plus loin:<\/p>\n<p><a href=\"https:\/\/www.atypikoo.com\" target=\"_blank\" rel=\"noopener\">ATYPIKOO<\/a> le r\u00e9seau social, et r\u00e9seau de rencontre amicales, professionnelles, et amoureuse, des atypiques<\/p>\n<p><a href=\"https:\/\/metadechoc.fr\" target=\"_blank\" rel=\"noopener\">Meta de Choc<\/a>, le podcast qui secoue et fait (bien) r\u00e9fl\u00e9chir<\/p>\n<p><a href=\"https:\/\/placedessciences.fr\/nos-podcasts\/les-maux-bleus\/\" target=\"_blank\" rel=\"noopener\">Les mots bleus<\/a>, des t\u00e9moignages en sant\u00e9 mentale<br \/>\n<a href=\"https:\/\/www.youtube.com\/watch?v=vEXajB3J6c0\" target=\"_blank\" rel=\"noopener\">C\u2019est pas toi le probl\u00e8me<\/a>, le livre con\u00e7u pour \u00eatre vite et bien lu par Psychokouac ( avec des mots justes dedans!)<br \/>\n<a href=\"https:\/\/www.youtube.com\/watch?v=x8BZeEM3uc8&amp;t=2037s\" target=\"_blank\" rel=\"noopener\">Injonction au bonheur<\/a>, ma chronique qui compl\u00e8te celle-ci<\/p>\n<p><a href=\"https:\/\/www.dema1n.org\" target=\"_blank\" rel=\"noopener\">Mentor b\u00e9n\u00e9vole <\/a><\/p>\n<p><a href=\"https:\/\/www.nightline.fr\/kit-de-vie\" target=\"_blank\" rel=\"noopener\">Infos sur la sant\u00e9 mentale, \u00e9valuation, tests, mises en contact, inqui\u00e9tudes par rapport \u00e0 un proche<\/a><\/p>\n<p><a href=\"https:\/\/www.psycom.org\/sinformer\/la-sante-mentale\/la-sante-mentale-des-jeunes\/#pourquoi-cest-parfois-complique-66f962c23ca4a\" target=\"_blank\" rel=\"noopener\">Infos pour les jeunes et les parents, conseils; point conseils et soutiens pour les jeunes en France<\/a><\/p>\n<p>\ud83d\udcc5 Cette chronique sort tous les 1ers et 3\u00e8me samedis du mois<\/p>\n<p>\ud83d\udd87\ufe0f Dans ces chroniques, je vous partage mon expertise d&rsquo;usage et de terrain<\/p>\n<p>\ud83e\uddd1\u200d\u2695\ufe0f Demandez aide et conseils au professionnel de sant\u00e9 qui vous accompagne<\/p>\n<p>\ud83e\udd1d Connaitre vos droits en tant que personne autiste et les recommandations de bonnes pratique consulter la <a href=\"https:\/\/www.has-sante.fr\/jcms\/c_2006477\/fr\/trouble-du-spectre-de-l-autisme-interventions-et-parcours-de-vie-de-l-adulte\" target=\"_blank\" rel=\"noopener\">HAS<\/a><br \/>\n\ud83e\uddbb A retrouver sur youtube et toutes les plateformes de podcast<\/p>\n","protected":false},"excerpt":{"rendered":"<p>Second \u00e9pisode de deux-trois trucs que j&rsquo;avais \u00e0 coeur de dire aux jeunes.<br \/>\nIl n&rsquo;y a pas d&rsquo;ordre, vous \u00e9coutez dans l&rsquo;ordre souhait\u00e9.<br \/>\nAujourd&rsquo;hui on parle encore des relations interpersonnelles, de l&rsquo;autonomie, des jeux vid\u00e9os, on se demande si c&rsquo;est&#8230;<\/p>\n","protected":false},"author":1,"featured_media":1574,"comment_status":"closed","ping_status":"open","sticky":false,"template":"","format":"standard","meta":{"footnotes":""},"categories":[3],"tags":[5,10,11,14],"class_list":["post-1539","post","type-post","status-publish","format-standard","has-post-thumbnail","hentry","category-podcast","tag-adolescent","tag-empathie","tag-hpi","tag-tda-h"],"pbg_featured_image_src":{"full":["https:\/\/www.mayaelle.org\/fr\/wp-content\/uploads\/2024\/10\/xtt9g1JV6IOWahMHi2jZV0OVAs6jEx26uoGvr2Pt_1400x1400.jpeg",1400,1400,false],"thumbnail":["https:\/\/www.mayaelle.org\/fr\/wp-content\/uploads\/2024\/10\/xtt9g1JV6IOWahMHi2jZV0OVAs6jEx26uoGvr2Pt_1400x1400-150x150.jpeg",150,150,true],"medium":["https:\/\/www.mayaelle.org\/fr\/wp-content\/uploads\/2024\/10\/xtt9g1JV6IOWahMHi2jZV0OVAs6jEx26uoGvr2Pt_1400x1400-300x300.jpeg",300,300,true],"medium_large":["https:\/\/www.mayaelle.org\/fr\/wp-content\/uploads\/2024\/10\/xtt9g1JV6IOWahMHi2jZV0OVAs6jEx26uoGvr2Pt_1400x1400-768x768.jpeg",768,768,true],"large":["https:\/\/www.mayaelle.org\/fr\/wp-content\/uploads\/2024\/10\/xtt9g1JV6IOWahMHi2jZV0OVAs6jEx26uoGvr2Pt_1400x1400-1024x1024.jpeg",1024,1024,true],"1536x1536":["https:\/\/www.mayaelle.org\/fr\/wp-content\/uploads\/2024\/10\/xtt9g1JV6IOWahMHi2jZV0OVAs6jEx26uoGvr2Pt_1400x1400.jpeg",1400,1400,false],"2048x2048":["https:\/\/www.mayaelle.org\/fr\/wp-content\/uploads\/2024\/10\/xtt9g1JV6IOWahMHi2jZV0OVAs6jEx26uoGvr2Pt_1400x1400.jpeg",1400,1400,false]},"pbg_author_info":{"display_name":"admin","author_link":"https:\/\/www.mayaelle.org\/fr\/author\/admin\/","author_img":"<img src=\"https:\/\/www.mayaelle.org\/fr\/wp-content\/plugins\/profilegrid-user-profiles-groups-and-communities\/public\/\/partials\/images\/admin-default-user.png\" width=\"128\" height=\"128\" class=\"user-profile-image\" \/>"},"pbg_comment_info":" No Comments","pbg_excerpt":"Second \u00e9pisode de deux-trois trucs que j'avais \u00e0 coeur de dire aux jeunes. Il n'y a pas d'ordre, vous \u00e9coutez dans l'ordre souhait\u00e9. Aujourd'hui on parle encore des relations interpersonnelles, de l'autonomie, des jeux vid\u00e9os, on se demande si c'est...","_links":{"self":[{"href":"https:\/\/www.mayaelle.org\/fr\/wp-json\/wp\/v2\/posts\/1539","targetHints":{"allow":["GET"]}}],"collection":[{"href":"https:\/\/www.mayaelle.org\/fr\/wp-json\/wp\/v2\/posts"}],"about":[{"href":"https:\/\/www.mayaelle.org\/fr\/wp-json\/wp\/v2\/types\/post"}],"author":[{"embeddable":true,"href":"https:\/\/www.mayaelle.org\/fr\/wp-json\/wp\/v2\/users\/1"}],"replies":[{"embeddable":true,"href":"https:\/\/www.mayaelle.org\/fr\/wp-json\/wp\/v2\/comments?post=1539"}],"version-history":[{"count":2,"href":"https:\/\/www.mayaelle.org\/fr\/wp-json\/wp\/v2\/posts\/1539\/revisions"}],"predecessor-version":[{"id":2740,"href":"https:\/\/www.mayaelle.org\/fr\/wp-json\/wp\/v2\/posts\/1539\/revisions\/2740"}],"wp:featuredmedia":[{"embeddable":true,"href":"https:\/\/www.mayaelle.org\/fr\/wp-json\/wp\/v2\/media\/1574"}],"wp:attachment":[{"href":"https:\/\/www.mayaelle.org\/fr\/wp-json\/wp\/v2\/media?parent=1539"}],"wp:term":[{"taxonomy":"category","embeddable":true,"href":"https:\/\/www.mayaelle.org\/fr\/wp-json\/wp\/v2\/categories?post=1539"},{"taxonomy":"post_tag","embeddable":true,"href":"https:\/\/www.mayaelle.org\/fr\/wp-json\/wp\/v2\/tags?post=1539"}],"curies":[{"name":"wp","href":"https:\/\/api.w.org\/{rel}","templated":true}]}}