{"id":1561,"date":"2024-02-17T05:24:00","date_gmt":"2024-02-17T04:24:00","guid":{"rendered":"https:\/\/www.mayaelle.org\/non-classe\/la-fatigue-des-personnes-autistes-reelle-ou-surjouee\/"},"modified":"2025-08-27T11:35:46","modified_gmt":"2025-08-27T09:35:46","slug":"la-fatigue-des-personnes-autistes-reelle-ou-surjouee","status":"publish","type":"post","link":"https:\/\/www.mayaelle.org\/fr\/2024\/02\/17\/la-fatigue-des-personnes-autistes-reelle-ou-surjouee\/","title":{"rendered":"La fatigue des personnes autistes. R\u00e9elle ou Surjou\u00e9e?"},"content":{"rendered":"<p><iframe loading=\"lazy\" src=\"https:\/\/widget.ausha.co\/index.html?podcastId=xqPnKS6Q1Jgj&amp;display=horizontal&amp;v=2\" width=\"100%\" height=\"200px\" frameborder=\"0\" scrolling=\"no\"><\/iframe><\/p>\n<p>Pourquoi les personnes autistes sont toujours fatigu\u00e9es, ne devraient-elles pas faire plus d\u2019effort?<br \/>\nEt puis NORMALEMENT les gens\u00a0 se ressourcent en voyant du monde!<br \/>\nMais pas la personne atypique, a-t-elle la plupart du temps besoin d\u2019\u00eatre seule? On dirait qu\u2019elle fuit le contact humain\u2026.<br \/>\nComment expliquer \u00e7a, et comment mieux comprendre ces besoins?<br \/>\nJusqu&rsquo;o\u00f9 \u00a0\u00bb s&rsquo;adapter\u00a0\u00bb aux attentes sociales, comment \u00e9viter la crise autistique, la d\u00e9pression, le burnout? Comment aider la personne TSA \u00e0 ne pas aller dans ses \u00e9tats limites et dangereux pour elle?<\/p>\n<p>Pour aller plus loin<br \/>\n<a href=\"https:\/\/www.youtube.com\/watch?v=SFixaliygnA\" target=\"_blank\" rel=\"noopener\">https:\/\/www.youtube.com\/watch?v=SFixaliygnA<\/a><\/p>\n","protected":false},"excerpt":{"rendered":"<p>Pourquoi les personnes autistes sont toujours fatigu\u00e9es, ne devraient-elles pas faire plus d\u2019effort?<br \/>\nEt puis NORMALEMENT les gens\u00a0 se ressourcent en voyant du monde!<br \/>\nMais pas la personne atypique, a-t-elle la plupart du temps besoin d\u2019\u00eatre seule?  O&#8230;<\/p>\n","protected":false},"author":1,"featured_media":1596,"comment_status":"closed","ping_status":"open","sticky":false,"template":"","format":"standard","meta":{"footnotes":""},"categories":[3],"tags":[10,11,14,17],"class_list":["post-1561","post","type-post","status-publish","format-standard","has-post-thumbnail","hentry","category-podcast","tag-empathie","tag-hpi","tag-tda-h","tag-tsa"],"pbg_featured_image_src":{"full":["https:\/\/www.mayaelle.org\/fr\/wp-content\/uploads\/2024\/02\/aZhZo9WWdGI5rgwmWU2AayhZieSNkCEeDYGGQwH2_1400x1400.jpeg",1400,1400,false],"thumbnail":["https:\/\/www.mayaelle.org\/fr\/wp-content\/uploads\/2024\/02\/aZhZo9WWdGI5rgwmWU2AayhZieSNkCEeDYGGQwH2_1400x1400-150x150.jpeg",150,150,true],"medium":["https:\/\/www.mayaelle.org\/fr\/wp-content\/uploads\/2024\/02\/aZhZo9WWdGI5rgwmWU2AayhZieSNkCEeDYGGQwH2_1400x1400-300x300.jpeg",300,300,true],"medium_large":["https:\/\/www.mayaelle.org\/fr\/wp-content\/uploads\/2024\/02\/aZhZo9WWdGI5rgwmWU2AayhZieSNkCEeDYGGQwH2_1400x1400-768x768.jpeg",768,768,true],"large":["https:\/\/www.mayaelle.org\/fr\/wp-content\/uploads\/2024\/02\/aZhZo9WWdGI5rgwmWU2AayhZieSNkCEeDYGGQwH2_1400x1400-1024x1024.jpeg",1024,1024,true],"1536x1536":["https:\/\/www.mayaelle.org\/fr\/wp-content\/uploads\/2024\/02\/aZhZo9WWdGI5rgwmWU2AayhZieSNkCEeDYGGQwH2_1400x1400.jpeg",1400,1400,false],"2048x2048":["https:\/\/www.mayaelle.org\/fr\/wp-content\/uploads\/2024\/02\/aZhZo9WWdGI5rgwmWU2AayhZieSNkCEeDYGGQwH2_1400x1400.jpeg",1400,1400,false]},"pbg_author_info":{"display_name":"admin","author_link":"https:\/\/www.mayaelle.org\/fr\/author\/admin\/","author_img":"<img src=\"https:\/\/www.mayaelle.org\/fr\/wp-content\/plugins\/profilegrid-user-profiles-groups-and-communities\/public\/\/partials\/images\/admin-default-user.png\" width=\"128\" height=\"128\" class=\"user-profile-image\" \/>"},"pbg_comment_info":" No Comments","pbg_excerpt":"Pourquoi les personnes autistes sont toujours fatigu\u00e9es, ne devraient-elles pas faire plus d\u2019effort? Et puis NORMALEMENT les gens\u00a0 se ressourcent en voyant du monde! Mais pas la personne atypique, a-t-elle la plupart du temps besoin d\u2019\u00eatre seule? O...","_links":{"self":[{"href":"https:\/\/www.mayaelle.org\/fr\/wp-json\/wp\/v2\/posts\/1561","targetHints":{"allow":["GET"]}}],"collection":[{"href":"https:\/\/www.mayaelle.org\/fr\/wp-json\/wp\/v2\/posts"}],"about":[{"href":"https:\/\/www.mayaelle.org\/fr\/wp-json\/wp\/v2\/types\/post"}],"author":[{"embeddable":true,"href":"https:\/\/www.mayaelle.org\/fr\/wp-json\/wp\/v2\/users\/1"}],"replies":[{"embeddable":true,"href":"https:\/\/www.mayaelle.org\/fr\/wp-json\/wp\/v2\/comments?post=1561"}],"version-history":[{"count":1,"href":"https:\/\/www.mayaelle.org\/fr\/wp-json\/wp\/v2\/posts\/1561\/revisions"}],"predecessor-version":[{"id":2763,"href":"https:\/\/www.mayaelle.org\/fr\/wp-json\/wp\/v2\/posts\/1561\/revisions\/2763"}],"wp:featuredmedia":[{"embeddable":true,"href":"https:\/\/www.mayaelle.org\/fr\/wp-json\/wp\/v2\/media\/1596"}],"wp:attachment":[{"href":"https:\/\/www.mayaelle.org\/fr\/wp-json\/wp\/v2\/media?parent=1561"}],"wp:term":[{"taxonomy":"category","embeddable":true,"href":"https:\/\/www.mayaelle.org\/fr\/wp-json\/wp\/v2\/categories?post=1561"},{"taxonomy":"post_tag","embeddable":true,"href":"https:\/\/www.mayaelle.org\/fr\/wp-json\/wp\/v2\/tags?post=1561"}],"curies":[{"name":"wp","href":"https:\/\/api.w.org\/{rel}","templated":true}]}}