{"id":2779,"date":"2025-09-06T04:00:00","date_gmt":"2025-09-06T02:00:00","guid":{"rendered":"https:\/\/www.mayaelle.org\/fr\/2025\/09\/06\/les-collegues-cet-enfer-le-boulot-une-obligation-reveler-son-autisme-un-risque\/"},"modified":"2025-09-06T04:00:00","modified_gmt":"2025-09-06T02:00:00","slug":"les-collegues-cet-enfer-le-boulot-une-obligation-reveler-son-autisme-un-risque","status":"publish","type":"post","link":"https:\/\/www.mayaelle.org\/fr\/2025\/09\/06\/les-collegues-cet-enfer-le-boulot-une-obligation-reveler-son-autisme-un-risque\/","title":{"rendered":"Les coll\u00e8gues, cet enfer? Le boulot, une obligation? R\u00e9v\u00e9ler son autisme, un risque?"},"content":{"rendered":"<p><iframe loading=\"lazy\" frameborder=\"0\" height=\"200px\" scrolling=\"no\" width=\"100%\" src=\"https:\/\/widget.ausha.co\/index.html?podcastId=9KX7ms8zL9NO&amp;display=horizontal&amp;v=2\"><\/iframe><\/p>\n<p>Dans cette s\u00e9rie sur le travail aujourd&rsquo;hui au parle stigmatisation, coll\u00e8gues, hi\u00e9rarchie, climat toxique, travailler co\u00fbte que co\u00fbte ou se r\u00e9tablir, r\u00e9v\u00e9ler ou non son autisme (avec le d\u00e9tail de 6 strat\u00e9gies diff\u00e9rentes) <\/p>\n<p>Retrouvez sur la chaine les autres \u00e9pisodes: <\/p>\n<ul>\n<li>\n<p>Etre autiste et patron, n\u00e9gociation et codes sociaux<\/p>\n<\/li>\n<li>\n<p>T\u00e9moignages de femmes autistes \u00e0 leur compte, avec plus ou moins de bonheur, mais beaucoup d&rsquo;honn\u00eatet\u00e9. Et les questions \u00e0 se poser avant de se mettre \u00e0 son compte<\/p>\n<\/li>\n<li>\n<p>La fatigue autistique et ses cons\u00e9quences<\/p>\n<\/li>\n<li>\n<p>Sans filtre, codes sociaux, rep\u00e9rer les personnalit\u00e9s, poids du masking, abus, perte de sens<\/p>\n<\/li>\n<\/ul>\n<\/p>\n<p>\ud83d\udcc5 Cette chronique sort tous les 1er et 3\u00e8me samedi du mois<\/p>\n<p>\ud83d\udd87\ufe0f Dans ces chroniques, je vous partage mon expertise d&rsquo;usage et de terrain<\/p>\n<p>\ud83e\uddd1\u200d\u2695\ufe0f Demandez aide et conseils au professionnel de sant\u00e9 qui vous accompagne<\/p>\n<p>\ud83e\udd1d Connaitre vos droits en tant que personne autiste et les recommandations de bonnes pratique: consultez la <a href=\"https:\/\/www.has-sante.fr\/jcms\/c_2006477\/fr\/trouble-du-spectre-de-l-autisme-interventions-et-parcours-de-vie-de-l-adulte\" target=\"_blank\" rel=\"noopener\">HAS<\/a><\/p>\n<p>\ud83e\udd17 Ressources, s\u00e9ances, et programme r\u00e9tablissement 16-25 ans TSA SDI sur mon <a href=\"https:\/\/mayaelle.org\" target=\"_blank\" rel=\"noopener\">site internet <\/a><\/p>\n<p>R\u00e9f\u00e9rences et ressources: <br \/>\u00ab\u00a0Bref, je suis aspie\u00a0\u00bb. Magnifique vid\u00e9o sur l\u2019autiste en entreprise <a href=\"https:\/\/www.youtube.com\/watch?v=TVcBGGQggZM\" target=\"_blank\" rel=\"noopener\">https:\/\/www.youtube.com\/watch?v=TVcBGGQggZM<\/a><br \/>MOOC SE RETABLIR UN VRAI DELIRE <a href=\"https:\/\/numerique.hes-so.ch\/?redirect=0&amp;cid=229\" target=\"_blank\" rel=\"noopener\">https:\/\/numerique.hes-so.ch\/?redirect=0&#038;cid=229<\/a><\/p>\n<p><b>100 id\u00e9es pour comprendre et accompagner les troubles des fonctions ex\u00e9cutives chez l&rsquo;enfant <\/b>Des aides concr\u00e8tes pour le quotidien tant \u00e0 la maison qu&rsquo;\u00e0 l&rsquo;\u00e9cole <a href=\"https:\/\/www.fnac.com\/a17951426\/Jessica-Save-Pedebos-100-idees-pour-comprendre-et-accompagner-les-troubles-des-fonctions-executives-chez-l-enfant\" target=\"_blank\" rel=\"noopener\">https:\/\/www.fnac.com\/a17951426\/Jessica-Save-Pedebos-100-idees-pour-comprendre-et-accompagner-les-troubles-des-fonctions-executives-chez-l-enfant<\/a><br \/>Association les PBZ (soutien aux proches d&rsquo;autistes avec HPI) <a href=\"https:\/\/www.lespapillonsbleuszebres.com\" target=\"_blank\" rel=\"noopener\">https:\/\/www.lespapillonsbleuszebres.com<\/a><\/p>\n<\/p>\n<p>H\u00e9berg\u00e9 par Ausha. Visitez <a href=\"https:\/\/ausha.co\/politique-de-confidentialite\" target=\"_blank\" rel=\"noopener\">ausha.co\/politique-de-confidentialite<\/a> pour plus d&rsquo;informations.<\/p>\n","protected":false},"excerpt":{"rendered":"<p>Dans cette s\u00e9rie sur le travail aujourd&rsquo;hui au parle stigmatisation, coll\u00e8gues, hi\u00e9rarchie, climat toxique, travailler co\u00fbte que co\u00fbte ou se r\u00e9tablir, r\u00e9v\u00e9ler ou non son autisme (avec le d\u00e9tail de 6 strat\u00e9gies diff\u00e9rentes) <\/p>\n<p>Retrouvez sur la chaine le&#8230;<\/p>\n","protected":false},"author":2,"featured_media":2780,"comment_status":"open","ping_status":"open","sticky":false,"template":"","format":"standard","meta":{"footnotes":""},"categories":[3],"tags":[],"class_list":["post-2779","post","type-post","status-publish","format-standard","has-post-thumbnail","hentry","category-podcast"],"pbg_featured_image_src":{"full":["https:\/\/www.mayaelle.org\/fr\/wp-content\/uploads\/2025\/09\/KDM4ifMvHJp1xG7FAkWake0DkQDzxDpPeQnQ1vKq_1400x1400.jpeg",1400,1400,false],"thumbnail":["https:\/\/www.mayaelle.org\/fr\/wp-content\/uploads\/2025\/09\/KDM4ifMvHJp1xG7FAkWake0DkQDzxDpPeQnQ1vKq_1400x1400-150x150.jpeg",150,150,true],"medium":["https:\/\/www.mayaelle.org\/fr\/wp-content\/uploads\/2025\/09\/KDM4ifMvHJp1xG7FAkWake0DkQDzxDpPeQnQ1vKq_1400x1400-300x300.jpeg",300,300,true],"medium_large":["https:\/\/www.mayaelle.org\/fr\/wp-content\/uploads\/2025\/09\/KDM4ifMvHJp1xG7FAkWake0DkQDzxDpPeQnQ1vKq_1400x1400-768x768.jpeg",768,768,true],"large":["https:\/\/www.mayaelle.org\/fr\/wp-content\/uploads\/2025\/09\/KDM4ifMvHJp1xG7FAkWake0DkQDzxDpPeQnQ1vKq_1400x1400-1024x1024.jpeg",1024,1024,true],"1536x1536":["https:\/\/www.mayaelle.org\/fr\/wp-content\/uploads\/2025\/09\/KDM4ifMvHJp1xG7FAkWake0DkQDzxDpPeQnQ1vKq_1400x1400.jpeg",1400,1400,false],"2048x2048":["https:\/\/www.mayaelle.org\/fr\/wp-content\/uploads\/2025\/09\/KDM4ifMvHJp1xG7FAkWake0DkQDzxDpPeQnQ1vKq_1400x1400.jpeg",1400,1400,false]},"pbg_author_info":{"display_name":"Yaelle Zoller","author_link":"https:\/\/www.mayaelle.org\/fr\/author\/yaelle\/","author_img":"<img src=\"https:\/\/www.mayaelle.org\/fr\/wp-content\/plugins\/profilegrid-user-profiles-groups-and-communities\/public\/\/partials\/images\/default-user.png\" width=\"128\" height=\"128\" class=\"user-profile-image\" \/>"},"pbg_comment_info":" No Comments","pbg_excerpt":"Dans cette s\u00e9rie sur le travail aujourd'hui au parle stigmatisation, coll\u00e8gues, hi\u00e9rarchie, climat toxique, travailler co\u00fbte que co\u00fbte ou se r\u00e9tablir, r\u00e9v\u00e9ler ou non son autisme (avec le d\u00e9tail de 6 strat\u00e9gies diff\u00e9rentes) Retrouvez sur la chaine le...","_links":{"self":[{"href":"https:\/\/www.mayaelle.org\/fr\/wp-json\/wp\/v2\/posts\/2779","targetHints":{"allow":["GET"]}}],"collection":[{"href":"https:\/\/www.mayaelle.org\/fr\/wp-json\/wp\/v2\/posts"}],"about":[{"href":"https:\/\/www.mayaelle.org\/fr\/wp-json\/wp\/v2\/types\/post"}],"author":[{"embeddable":true,"href":"https:\/\/www.mayaelle.org\/fr\/wp-json\/wp\/v2\/users\/2"}],"replies":[{"embeddable":true,"href":"https:\/\/www.mayaelle.org\/fr\/wp-json\/wp\/v2\/comments?post=2779"}],"version-history":[{"count":0,"href":"https:\/\/www.mayaelle.org\/fr\/wp-json\/wp\/v2\/posts\/2779\/revisions"}],"wp:featuredmedia":[{"embeddable":true,"href":"https:\/\/www.mayaelle.org\/fr\/wp-json\/wp\/v2\/media\/2780"}],"wp:attachment":[{"href":"https:\/\/www.mayaelle.org\/fr\/wp-json\/wp\/v2\/media?parent=2779"}],"wp:term":[{"taxonomy":"category","embeddable":true,"href":"https:\/\/www.mayaelle.org\/fr\/wp-json\/wp\/v2\/categories?post=2779"},{"taxonomy":"post_tag","embeddable":true,"href":"https:\/\/www.mayaelle.org\/fr\/wp-json\/wp\/v2\/tags?post=2779"}],"curies":[{"name":"wp","href":"https:\/\/api.w.org\/{rel}","templated":true}]}}