{"id":3022,"date":"2025-11-15T06:20:10","date_gmt":"2025-11-15T05:20:10","guid":{"rendered":"https:\/\/www.mayaelle.org\/fr\/2025\/11\/15\/trouver-et-garder-un-travail-soutenir-le-jeune-autiste\/"},"modified":"2025-11-15T06:20:10","modified_gmt":"2025-11-15T05:20:10","slug":"trouver-et-garder-un-travail-soutenir-le-jeune-autiste","status":"publish","type":"post","link":"https:\/\/www.mayaelle.org\/fr\/2025\/11\/15\/trouver-et-garder-un-travail-soutenir-le-jeune-autiste\/","title":{"rendered":"Trouver et garder un travail: soutenir le jeune autiste"},"content":{"rendered":"<p><iframe loading=\"lazy\" frameborder=\"0\" height=\"200px\" scrolling=\"no\" width=\"100%\" src=\"https:\/\/widget.ausha.co\/index.html?podcastId=Erp7WHRwmWQD&amp;display=horizontal&amp;v=2\"><\/iframe><\/p>\n<p>Dernier \u00e9pisode de cette s\u00e9rie Autisme et Emploi. <br \/>Aujourd&rsquo;hui je vous parle de la posture parentale, du proche aidant ou du professionnel qui accompagne le jeune. <br \/>Je suis sp\u00e9cialis\u00e9e sur l&rsquo;autisme sans d\u00e9ficience intellectuelle, voire avec HPI. <\/p>\n<p>Dans cet \u00e9pisode je vous parle d&rsquo;essai-erreur, de chemin, d&rsquo;acquisition de comp\u00e9tence, de parcours non linaire, de r\u00e9duire les injonctions, de favoriser le dialogue et le soutien.<br \/>Je vous parle, encore et toujours, de fatigabilit\u00e9 autistique, et puis comment rebondir apr\u00e8s un \u00e9chec. <br \/>Et je fini par une tr\u00e8s longue liste de programmes, associations, services et m\u00e9tiers qui sont des ressources et des appuis, pour nos jeunes et pour nous, les familles. <\/p>\n<p>Je vous transmets volontiers cette liste par mail, <a href=\"https:\/\/www.mayaelle.org\/fr\/\">contactez-moi via mon site pour m&rsquo;en faire la demande<\/a><br \/>L&rsquo;int\u00e9gralit\u00e9 de cette s\u00e9rie est regroup\u00e9e ici Autisme et Travail <a href=\"https:\/\/www.youtube.com\/watch?v=Me1rxVrJFNw&amp;list=PLlp4ukDKe-BC-3GZD2BSRpZXb87af3G0U\" target=\"_blank\" rel=\"noopener\">https:\/\/www.youtube.com\/watch?v=Me1rxVrJFNw&#038;list=PLlp4ukDKe-BC-3GZD2BSRpZXb87af3G0U<\/a><\/p>\n<\/p>\n<p>Liens et ressources pour aller plus loin: <br \/><a href=\"https:\/\/atypie-friendly.fr\/partenaires\/\" target=\"_blank\" rel=\"noopener\">AtypieFriendly<\/a> qui accompagne les \u00e9tudiants neurdivergents y compris dans leur recherche de stage et int\u00e9gration professionnelle<\/p>\n<p><a href=\"https:\/\/www.aspiejob.org\" target=\"_blank\" rel=\"noopener\">Aspiejob<\/a> Service d&rsquo;insertion, cabinet conseil, mise en relation candidats-entreprises<\/p>\n<p>Profil d&#8217;employabilt\u00e9 <a href=\"https:\/\/www.pluritalentsconseil.com\/a-propos\" target=\"_blank\" rel=\"noopener\">Pluritalentsconseil<\/a><\/p>\n<p>Regroupement d&rsquo;organismes et associations d&rsquo;accompagnement <a href=\"https:\/\/cdr.emploi-accompagne.fr\" target=\"_blank\" rel=\"noopener\">CDR Emploi Accompagn\u00e9<\/a><br \/><a href=\"https:\/\/www.ladapt.net\/accompagner-dans-la-formation-et-lemploi\" target=\"_blank\" rel=\"noopener\">LADAPT<\/a> Accompagnement formation et emploi <\/p>\n<\/p>\n<p>\ud83d\udcc5 Cette chronique sort tous les 1er et 3\u00e8me samedi du mois<\/p>\n<p>\ud83d\udd87\ufe0f Dans ces chroniques, je vous partage mon expertise d&rsquo;usage et de terrain<\/p>\n<p>\ud83e\uddd1\u200d\u2695\ufe0f Demandez aide et conseils au professionnel de sant\u00e9 qui vous accompagne<\/p>\n<p>\ud83e\udd1d Connaitre vos droits en tant que personne autiste et les recommandations de bonnes pratique: consultez la <a href=\"https:\/\/www.has-sante.fr\/jcms\/c_2006477\/fr\/trouble-du-spectre-de-l-autisme-interventions-et-parcours-de-vie-de-l-adulte\" target=\"_blank\" rel=\"noopener\">HAS<\/a><\/p>\n<p>\ud83e\udd17 Ressources, s\u00e9ances, ateliers d&rsquo;assertivit\u00e9 sur mon <a href=\"https:\/\/mayaelle.org\" target=\"_blank\" rel=\"noopener\">site internet <\/a><br \/>\ud83d\udcd6 La version papier, augment\u00e9e, structur\u00e9e, pour retrouver juste ce qu&rsquo;il vous faut, se pr\u00e9pare !<\/p>\n<\/p>\n<p>H\u00e9berg\u00e9 par Ausha. Visitez <a href=\"https:\/\/ausha.co\/politique-de-confidentialite\" target=\"_blank\" rel=\"noopener\">ausha.co\/politique-de-confidentialite<\/a> pour plus d&rsquo;informations.<\/p>\n","protected":false},"excerpt":{"rendered":"<p>Dernier \u00e9pisode de cette s\u00e9rie Autisme et Emploi.<br \/>\nAujourd&rsquo;hui je vous parle de la posture parentale, du proche aidant ou du professionnel qui accompagne le jeune.<br \/>\nJe suis sp\u00e9cialis\u00e9e sur l&rsquo;autisme sans d\u00e9ficience intellectuelle, voire avec HPI. <\/p>\n<p>Da&#8230;<\/p>\n","protected":false},"author":2,"featured_media":3023,"comment_status":"open","ping_status":"open","sticky":false,"template":"","format":"standard","meta":{"footnotes":""},"categories":[3],"tags":[],"class_list":["post-3022","post","type-post","status-publish","format-standard","has-post-thumbnail","hentry","category-podcast"],"pbg_featured_image_src":{"full":["https:\/\/www.mayaelle.org\/fr\/wp-content\/uploads\/2025\/11\/vFhWASnQODSVqw8Wvv8MhVzeB99AGOz2eX5SXnAF_1400x1400.jpeg",1400,1400,false],"thumbnail":["https:\/\/www.mayaelle.org\/fr\/wp-content\/uploads\/2025\/11\/vFhWASnQODSVqw8Wvv8MhVzeB99AGOz2eX5SXnAF_1400x1400-150x150.jpeg",150,150,true],"medium":["https:\/\/www.mayaelle.org\/fr\/wp-content\/uploads\/2025\/11\/vFhWASnQODSVqw8Wvv8MhVzeB99AGOz2eX5SXnAF_1400x1400-300x300.jpeg",300,300,true],"medium_large":["https:\/\/www.mayaelle.org\/fr\/wp-content\/uploads\/2025\/11\/vFhWASnQODSVqw8Wvv8MhVzeB99AGOz2eX5SXnAF_1400x1400-768x768.jpeg",768,768,true],"large":["https:\/\/www.mayaelle.org\/fr\/wp-content\/uploads\/2025\/11\/vFhWASnQODSVqw8Wvv8MhVzeB99AGOz2eX5SXnAF_1400x1400-1024x1024.jpeg",1024,1024,true],"1536x1536":["https:\/\/www.mayaelle.org\/fr\/wp-content\/uploads\/2025\/11\/vFhWASnQODSVqw8Wvv8MhVzeB99AGOz2eX5SXnAF_1400x1400.jpeg",1400,1400,false],"2048x2048":["https:\/\/www.mayaelle.org\/fr\/wp-content\/uploads\/2025\/11\/vFhWASnQODSVqw8Wvv8MhVzeB99AGOz2eX5SXnAF_1400x1400.jpeg",1400,1400,false]},"pbg_author_info":{"display_name":"Yaelle Zoller","author_link":"https:\/\/www.mayaelle.org\/fr\/author\/yaelle\/","author_img":"<img src=\"https:\/\/www.mayaelle.org\/fr\/wp-content\/plugins\/profilegrid-user-profiles-groups-and-communities\/public\/\/partials\/images\/default-user.png\" width=\"128\" height=\"128\" class=\"user-profile-image\" \/>"},"pbg_comment_info":" No Comments","pbg_excerpt":"Dernier \u00e9pisode de cette s\u00e9rie Autisme et Emploi. Aujourd'hui je vous parle de la posture parentale, du proche aidant ou du professionnel qui accompagne le jeune. Je suis sp\u00e9cialis\u00e9e sur l'autisme sans d\u00e9ficience intellectuelle, voire avec HPI. Da...","_links":{"self":[{"href":"https:\/\/www.mayaelle.org\/fr\/wp-json\/wp\/v2\/posts\/3022","targetHints":{"allow":["GET"]}}],"collection":[{"href":"https:\/\/www.mayaelle.org\/fr\/wp-json\/wp\/v2\/posts"}],"about":[{"href":"https:\/\/www.mayaelle.org\/fr\/wp-json\/wp\/v2\/types\/post"}],"author":[{"embeddable":true,"href":"https:\/\/www.mayaelle.org\/fr\/wp-json\/wp\/v2\/users\/2"}],"replies":[{"embeddable":true,"href":"https:\/\/www.mayaelle.org\/fr\/wp-json\/wp\/v2\/comments?post=3022"}],"version-history":[{"count":0,"href":"https:\/\/www.mayaelle.org\/fr\/wp-json\/wp\/v2\/posts\/3022\/revisions"}],"wp:featuredmedia":[{"embeddable":true,"href":"https:\/\/www.mayaelle.org\/fr\/wp-json\/wp\/v2\/media\/3023"}],"wp:attachment":[{"href":"https:\/\/www.mayaelle.org\/fr\/wp-json\/wp\/v2\/media?parent=3022"}],"wp:term":[{"taxonomy":"category","embeddable":true,"href":"https:\/\/www.mayaelle.org\/fr\/wp-json\/wp\/v2\/categories?post=3022"},{"taxonomy":"post_tag","embeddable":true,"href":"https:\/\/www.mayaelle.org\/fr\/wp-json\/wp\/v2\/tags?post=3022"}],"curies":[{"name":"wp","href":"https:\/\/api.w.org\/{rel}","templated":true}]}}