{"id":3060,"date":"2026-01-03T08:57:05","date_gmt":"2026-01-03T07:57:05","guid":{"rendered":"https:\/\/www.mayaelle.org\/fr\/2026\/01\/03\/theorie-polyvagale-et-autisme\/"},"modified":"2026-01-03T08:57:05","modified_gmt":"2026-01-03T07:57:05","slug":"theorie-polyvagale-et-autisme","status":"publish","type":"post","link":"https:\/\/www.mayaelle.org\/fr\/2026\/01\/03\/theorie-polyvagale-et-autisme\/","title":{"rendered":"Th\u00e9orie polyvagale et autisme"},"content":{"rendered":"<p><iframe loading=\"lazy\" frameborder=\"0\" height=\"200px\" scrolling=\"no\" width=\"100%\" src=\"https:\/\/widget.ausha.co\/index.html?podcastId=YPwZpSwWX7WM&amp;display=horizontal&amp;v=2\"><\/iframe><\/p>\n<p>Th\u00e9orie polyvagale. <br \/>Au d\u00e9part je regardais \u00e7a d&rsquo;un oeil plut\u00f4t circonspect et critique. <br \/>Et puis en me renseignant, j&rsquo;ai trouv\u00e9 ce mod\u00e8le particuli\u00e8rement pertinent. <\/p>\n<p>Merci \u00e0 l&rsquo;Association <a href=\"https:\/\/autisme-ge.ch\/videos-formation-acces-libre\/\" target=\"_blank\" rel=\"noopener\">Autisme Gen\u00e8ve<\/a> d&rsquo;avoir organis\u00e9 cette conf\u00e9rence tr\u00e8s qualitative.<\/p>\n<p>Merci Professeur Da Fonseca pour la clart\u00e9 et la finesse des propos.<\/p>\n<p>Merci Nicolas Gauvrit pour la recherche et les retours.<br \/>Et merci \u00e0 vous personne concern\u00e9es, professionnels, proches, qui font et feront avancer \u00e0 la fois la clinique et la science, pour mieux se comprendre et am\u00e9liorer la qualit\u00e9 de vie. <\/p>\n<\/p>\n<p>Ce mod\u00e8le psychologique explicatif semble \u00e0 la fois pertinent et prometteur pour orienter la prise en charge, mieux traiter &#8211; dans le sens d&rsquo;aller vers la bien-traitance des personnes. Mais aussi de soi m\u00eame. <\/p>\n<p>Il donne une cl\u00e9 de lecture sur les troubles et les difficult\u00e9s li\u00e9es \u00e0 l\u2019autisme ou associ\u00e9es sont adaptatives. <\/p>\n<\/p>\n<p>\ud83d\udcc5 Le mois prochain, je tente de vous parler autisme et douleur. Perception, expression, prise en charge. <\/p>\n<p>\ud83d\udd87\ufe0f Dans ces chroniques, je vous partage mon expertise d&rsquo;usage et de terrain<\/p>\n<p>\ud83e\uddd1\u200d\u2695\ufe0f Demandez aide et conseils au professionnel de sant\u00e9 qui vous accompagne<\/p>\n<p>\ud83e\udd1d Connaitre vos droits en tant que personne autiste et les recommandations de bonnes pratique: consultez la <a href=\"https:\/\/www.has-sante.fr\/jcms\/c_2006477\/fr\/trouble-du-spectre-de-l-autisme-interventions-et-parcours-de-vie-de-l-adulte\" target=\"_blank\" rel=\"noopener\">HAS<\/a><\/p>\n<p>\ud83e\udd17 Ressources, s\u00e9ances, ateliers d&rsquo;assertivit\u00e9 sur mon <a href=\"https:\/\/mayaelle.org\" target=\"_blank\" rel=\"noopener\">site internet <\/a><br \/>\ud83d\udcd6 La version papier, augment\u00e9e, structur\u00e9e, pour retrouver juste ce qu&rsquo;il vous faut, se pr\u00e9pare<\/p>\n<\/p>\n<p>H\u00e9berg\u00e9 par Ausha. Visitez <a href=\"https:\/\/ausha.co\/politique-de-confidentialite\" target=\"_blank\" rel=\"noopener\">ausha.co\/politique-de-confidentialite<\/a> pour plus d&rsquo;informations.<\/p>\n","protected":false},"excerpt":{"rendered":"<p>Th\u00e9orie polyvagale.<br \/>\nAu d\u00e9part je regardais \u00e7a d&rsquo;un oeil plut\u00f4t circonspect et critique.<br \/>\nEt puis en me renseignant, j&rsquo;ai trouv\u00e9 ce mod\u00e8le particuli\u00e8rement pertinent. <\/p>\n<p>Merci \u00e0 l&rsquo;Association Autisme Gen\u00e8ve (https:\/\/autisme-ge.ch\/videos-formation-acces&#8230;<\/p>\n","protected":false},"author":2,"featured_media":3061,"comment_status":"open","ping_status":"open","sticky":false,"template":"","format":"standard","meta":{"footnotes":""},"categories":[3],"tags":[],"class_list":["post-3060","post","type-post","status-publish","format-standard","has-post-thumbnail","hentry","category-podcast"],"pbg_featured_image_src":{"full":["https:\/\/www.mayaelle.org\/fr\/wp-content\/uploads\/2026\/01\/IF5yWSBwzIcyATTgDmc2mc940dHDsb5SNXKypOCh_1400x1400.jpeg",1400,1400,false],"thumbnail":["https:\/\/www.mayaelle.org\/fr\/wp-content\/uploads\/2026\/01\/IF5yWSBwzIcyATTgDmc2mc940dHDsb5SNXKypOCh_1400x1400-150x150.jpeg",150,150,true],"medium":["https:\/\/www.mayaelle.org\/fr\/wp-content\/uploads\/2026\/01\/IF5yWSBwzIcyATTgDmc2mc940dHDsb5SNXKypOCh_1400x1400-300x300.jpeg",300,300,true],"medium_large":["https:\/\/www.mayaelle.org\/fr\/wp-content\/uploads\/2026\/01\/IF5yWSBwzIcyATTgDmc2mc940dHDsb5SNXKypOCh_1400x1400-768x768.jpeg",768,768,true],"large":["https:\/\/www.mayaelle.org\/fr\/wp-content\/uploads\/2026\/01\/IF5yWSBwzIcyATTgDmc2mc940dHDsb5SNXKypOCh_1400x1400-1024x1024.jpeg",1024,1024,true],"1536x1536":["https:\/\/www.mayaelle.org\/fr\/wp-content\/uploads\/2026\/01\/IF5yWSBwzIcyATTgDmc2mc940dHDsb5SNXKypOCh_1400x1400.jpeg",1400,1400,false],"2048x2048":["https:\/\/www.mayaelle.org\/fr\/wp-content\/uploads\/2026\/01\/IF5yWSBwzIcyATTgDmc2mc940dHDsb5SNXKypOCh_1400x1400.jpeg",1400,1400,false]},"pbg_author_info":{"display_name":"Yaelle Zoller","author_link":"https:\/\/www.mayaelle.org\/fr\/author\/yaelle\/","author_img":"<img src=\"https:\/\/www.mayaelle.org\/fr\/wp-content\/plugins\/profilegrid-user-profiles-groups-and-communities\/public\/\/partials\/images\/default-user.png\" width=\"128\" height=\"128\" class=\"user-profile-image\" \/>"},"pbg_comment_info":"2 comment","pbg_excerpt":"Th\u00e9orie polyvagale. Au d\u00e9part je regardais \u00e7a d'un oeil plut\u00f4t circonspect et critique. Et puis en me renseignant, j'ai trouv\u00e9 ce mod\u00e8le particuli\u00e8rement pertinent. Merci \u00e0 l'Association Autisme Gen\u00e8ve (https:\/\/autisme-ge.ch\/videos-formation-acces...","_links":{"self":[{"href":"https:\/\/www.mayaelle.org\/fr\/wp-json\/wp\/v2\/posts\/3060","targetHints":{"allow":["GET"]}}],"collection":[{"href":"https:\/\/www.mayaelle.org\/fr\/wp-json\/wp\/v2\/posts"}],"about":[{"href":"https:\/\/www.mayaelle.org\/fr\/wp-json\/wp\/v2\/types\/post"}],"author":[{"embeddable":true,"href":"https:\/\/www.mayaelle.org\/fr\/wp-json\/wp\/v2\/users\/2"}],"replies":[{"embeddable":true,"href":"https:\/\/www.mayaelle.org\/fr\/wp-json\/wp\/v2\/comments?post=3060"}],"version-history":[{"count":0,"href":"https:\/\/www.mayaelle.org\/fr\/wp-json\/wp\/v2\/posts\/3060\/revisions"}],"wp:featuredmedia":[{"embeddable":true,"href":"https:\/\/www.mayaelle.org\/fr\/wp-json\/wp\/v2\/media\/3061"}],"wp:attachment":[{"href":"https:\/\/www.mayaelle.org\/fr\/wp-json\/wp\/v2\/media?parent=3060"}],"wp:term":[{"taxonomy":"category","embeddable":true,"href":"https:\/\/www.mayaelle.org\/fr\/wp-json\/wp\/v2\/categories?post=3060"},{"taxonomy":"post_tag","embeddable":true,"href":"https:\/\/www.mayaelle.org\/fr\/wp-json\/wp\/v2\/tags?post=3060"}],"curies":[{"name":"wp","href":"https:\/\/api.w.org\/{rel}","templated":true}]}}