{"id":3245,"date":"2026-05-02T05:00:00","date_gmt":"2026-05-02T03:00:00","guid":{"rendered":"https:\/\/www.mayaelle.org\/fr\/2026\/05\/02\/identite-autiste-2\/"},"modified":"2026-05-02T05:00:00","modified_gmt":"2026-05-02T03:00:00","slug":"identite-autiste-2","status":"publish","type":"post","link":"https:\/\/www.mayaelle.org\/fr\/2026\/05\/02\/identite-autiste-2\/","title":{"rendered":"Identit\u00e9 autiste ? 2"},"content":{"rendered":"<p><iframe loading=\"lazy\" frameborder=\"0\" height=\"200px\" scrolling=\"no\" width=\"100%\" src=\"https:\/\/widget.ausha.co\/index.html?podcastId=10dWJuGwp3LR&amp;display=horizontal&amp;v=2\"><\/iframe><\/p>\n<p>Deuxi\u00e8me volet sur ce th\u00e8me :<\/p>\n<ul>\n<li>\n<p>Comprendre la r\u00e9activit\u00e9 : Pourquoi le r\u00e9flexe de correction et l&rsquo;incapacit\u00e9 \u00e0 l\u00e2cher prise sont-ils fr\u00e9quents chez les autistes (et les TDAH) ?<\/p>\n<\/li>\n<li>\n<p>V\u00e9rit\u00e9 et communication : comment concilier honn\u00eatet\u00e9 et respect de l&rsquo;autre ?<\/p>\n<\/li>\n<li>\n<p>L&rsquo;effet de loupe des r\u00e9seaux : Pourquoi ne voit-on que les profils les plus engag\u00e9s ou en col\u00e8re ?<\/p>\n<\/li>\n<li>\n<p>Les 5 phases du r\u00e9tablissement : Du choc \u00e0 la paix int\u00e9rieure.<\/p>\n<\/li>\n<li>\n<p>6 pistes pour apaiser les choses : Zones d&rsquo;apprentissage, droit \u00e0 l&rsquo;erreur, validation des \u00e9motions &#8211; les siennes et celles de notre proche, identifier les pens\u00e9es automatiques, identification aux pairs <\/p>\n<\/li>\n<li>\n<p>Le poids de l&rsquo;invalidation : Pourquoi le diagnostic est souvent une lib\u00e9ration apr\u00e8s des ann\u00e9es \u00e0 se sentir \u00ab cass\u00e9 \u00bb.<\/p>\n<\/li>\n<\/ul>\n<p>Episode <a href=\"https:\/\/smartlink.ausha.co\/fais-un-effort-chroniques-du-tsa\/identite-autiste\" target=\"_blank\" rel=\"noopener\">Identit\u00e9 autiste 1<\/a><\/p>\n<p>Episode <a href=\"https:\/\/smartlink.ausha.co\/fais-un-effort-chroniques-du-tsa\/pourquoi-on-tourne-en-boucle-sur-un-sujet\" target=\"_blank\" rel=\"noopener\">Pourquoi on tourne en boucle sur un sujet ? <\/a><\/p>\n<p>Episode <a href=\"https:\/\/smartlink.ausha.co\/fais-un-effort-chroniques-du-tsa\/theorie-polyvagale-et-autisme\" target=\"_blank\" rel=\"noopener\">Th\u00e9orie polyvagale <\/a><\/p>\n<p>Programme de psycho\u00e9ducation <a href=\"https:\/\/www.linkedin.com\/feed\/update\/urn:li:activity:7454805383346499584\/.\" target=\"_blank\" rel=\"noopener\">Auti CAP<\/a> par Elisabeth Piles<\/p>\n<p>Programme de psycho\u00e9ducation <a href=\"https:\/\/www.mayaelle.org\/fr\/seances\/psychoeducation\/\">Assertive. <\/a>par Bibi, c&rsquo;est \u00e0 dire moi-m\u00eame \ud83d\ude00<\/p>\n<p><a href=\"https:\/\/centre-ressource-rehabilitation.org\/la-rehabilitation-psychosociale\/retablissement\/en-savoir-plus-sur-le-retablissement\/article\/les-etapes-du-retablissement\" target=\"_blank\" rel=\"noopener\">Les 5 \u00e9tapes du r\u00e9tablissement <\/a><\/p>\n<p>Etude : <a href=\"https:\/\/doi.org\/10.1177\/13623613221118351\" target=\"_blank\" rel=\"noopener\">Impact of a positive autism identity and autistic community solidarity on social anxiety and mental health<\/a><\/p>\n<p><a href=\"https:\/\/www.amazon.fr\/Autistic-Experience-Silenced-Voices-Finally\/dp\/1399806858\" target=\"_blank\" rel=\"noopener\">Livre : L&rsquo;exp\u00e9rience autiste, les voix silenci\u00e9es finalement entendues<\/a><\/p>\n<\/p>\n<p>\ud83d\udc65 Inscription au webinaire du 23.06.26 ou acc\u00e8s au replay <a href=\"https:\/\/book.stripe.com\/cNi14na55cF130Wehb4800a\" target=\"_blank\" rel=\"noopener\">\u00ab\u00a0D\u00e9rives, faut-il \u00eatre con pour en \u00eatre ?<\/a>\u00ab\u00a0<\/p>\n<p>\ud83d\ude4c Si vous voulez soutenir ce travail b\u00e9n\u00e9vole sur nouveau, <a href=\"https:\/\/fr.tipeee.com\/fais-un-effort\/\" target=\"_blank\" rel=\"noopener\">et c&rsquo;est sur Tipeee<\/a><\/p>\n<p>\ud83d\udcc5 Cette chronique sort tous les 1er et 3\u00e8me samedi du mois<\/p>\n<p>\ud83d\udd87\ufe0f Dans ces chroniques, je vous partage mon expertise d&rsquo;usage et mes comp\u00e9tences de pair aidante familiale professionnelle et en psycho\u00e9ducation<\/p>\n<p>\ud83e\uddd1\u200d\u2695\ufe0f Demandez aide et conseils au professionnel de sant\u00e9 qui vous accompagne<\/p>\n<p>\ud83e\udd1d Connaitre vos droits en tant que personne autiste et les recommandations de bonnes pratique: consultez la <a href=\"https:\/\/www.has-sante.fr\/jcms\/c_2006477\/fr\/trouble-du-spectre-de-l-autisme-interventions-et-parcours-de-vie-de-l-adulte\" target=\"_blank\" rel=\"noopener\">HAS<\/a><\/p>\n<p>\ud83e\udd17 Ressources, s\u00e9ances, ateliers d&rsquo;assertivit\u00e9 sur mon <a href=\"https:\/\/mayaelle.org\" target=\"_blank\" rel=\"noopener\">site internet <\/a><br \/>\ud83d\udcd6 La version papier, augment\u00e9e, structur\u00e9e, pour retrouver juste ce qu&rsquo;il vous faut, se pr\u00e9pare<\/p>\n<\/p>\n<p>H\u00e9berg\u00e9 par Ausha. Visitez <a href=\"https:\/\/ausha.co\/politique-de-confidentialite\" target=\"_blank\" rel=\"noopener\">ausha.co\/politique-de-confidentialite<\/a> pour plus d&rsquo;informations.<\/p>\n","protected":false},"excerpt":{"rendered":"<p>Deuxi\u00e8me volet sur ce th\u00e8me :<br \/>\nComprendre la r\u00e9activit\u00e9 : Pourquoi le r\u00e9flexe de correction et l&rsquo;incapacit\u00e9 \u00e0 l\u00e2cher prise sont-ils fr\u00e9quents chez les autistes (et les TDAH) ?<br \/>\nV\u00e9rit\u00e9 et communication : comment concilier honn\u00eatet\u00e9 et respect de l&rsquo;autre&#8230;<\/p>\n","protected":false},"author":2,"featured_media":3246,"comment_status":"","ping_status":"","sticky":false,"template":"","format":"standard","meta":{"footnotes":""},"categories":[3],"tags":[],"class_list":["post-3245","post","type-post","status-publish","format-standard","has-post-thumbnail","hentry","category-podcast"],"pbg_featured_image_src":{"full":["https:\/\/www.mayaelle.org\/fr\/wp-content\/uploads\/2026\/05\/czF2GYJl8fXTimpAst7d72PTmtn0muk0j6gb4SJX_1400x1400.jpeg",1400,1400,false],"thumbnail":["https:\/\/www.mayaelle.org\/fr\/wp-content\/uploads\/2026\/05\/czF2GYJl8fXTimpAst7d72PTmtn0muk0j6gb4SJX_1400x1400-150x150.jpeg",150,150,true],"medium":["https:\/\/www.mayaelle.org\/fr\/wp-content\/uploads\/2026\/05\/czF2GYJl8fXTimpAst7d72PTmtn0muk0j6gb4SJX_1400x1400-300x300.jpeg",300,300,true],"medium_large":["https:\/\/www.mayaelle.org\/fr\/wp-content\/uploads\/2026\/05\/czF2GYJl8fXTimpAst7d72PTmtn0muk0j6gb4SJX_1400x1400-768x768.jpeg",768,768,true],"large":["https:\/\/www.mayaelle.org\/fr\/wp-content\/uploads\/2026\/05\/czF2GYJl8fXTimpAst7d72PTmtn0muk0j6gb4SJX_1400x1400-1024x1024.jpeg",1024,1024,true],"1536x1536":["https:\/\/www.mayaelle.org\/fr\/wp-content\/uploads\/2026\/05\/czF2GYJl8fXTimpAst7d72PTmtn0muk0j6gb4SJX_1400x1400.jpeg",1400,1400,false],"2048x2048":["https:\/\/www.mayaelle.org\/fr\/wp-content\/uploads\/2026\/05\/czF2GYJl8fXTimpAst7d72PTmtn0muk0j6gb4SJX_1400x1400.jpeg",1400,1400,false]},"pbg_author_info":{"display_name":"Yaelle Zoller","author_link":"https:\/\/www.mayaelle.org\/fr\/author\/yaelle\/","author_img":"<img src=\"https:\/\/www.mayaelle.org\/fr\/wp-content\/plugins\/profilegrid-user-profiles-groups-and-communities\/public\/\/partials\/images\/default-user.png\" width=\"128\" height=\"128\" class=\"user-profile-image\" \/>"},"pbg_comment_info":" No Comments","pbg_excerpt":"Deuxi\u00e8me volet sur ce th\u00e8me : Comprendre la r\u00e9activit\u00e9 : Pourquoi le r\u00e9flexe de correction et l'incapacit\u00e9 \u00e0 l\u00e2cher prise sont-ils fr\u00e9quents chez les autistes (et les TDAH) ? V\u00e9rit\u00e9 et communication : comment concilier honn\u00eatet\u00e9 et respect de l'autre...","_links":{"self":[{"href":"https:\/\/www.mayaelle.org\/fr\/wp-json\/wp\/v2\/posts\/3245","targetHints":{"allow":["GET"]}}],"collection":[{"href":"https:\/\/www.mayaelle.org\/fr\/wp-json\/wp\/v2\/posts"}],"about":[{"href":"https:\/\/www.mayaelle.org\/fr\/wp-json\/wp\/v2\/types\/post"}],"author":[{"embeddable":true,"href":"https:\/\/www.mayaelle.org\/fr\/wp-json\/wp\/v2\/users\/2"}],"replies":[{"embeddable":true,"href":"https:\/\/www.mayaelle.org\/fr\/wp-json\/wp\/v2\/comments?post=3245"}],"version-history":[{"count":0,"href":"https:\/\/www.mayaelle.org\/fr\/wp-json\/wp\/v2\/posts\/3245\/revisions"}],"wp:featuredmedia":[{"embeddable":true,"href":"https:\/\/www.mayaelle.org\/fr\/wp-json\/wp\/v2\/media\/3246"}],"wp:attachment":[{"href":"https:\/\/www.mayaelle.org\/fr\/wp-json\/wp\/v2\/media?parent=3245"}],"wp:term":[{"taxonomy":"category","embeddable":true,"href":"https:\/\/www.mayaelle.org\/fr\/wp-json\/wp\/v2\/categories?post=3245"},{"taxonomy":"post_tag","embeddable":true,"href":"https:\/\/www.mayaelle.org\/fr\/wp-json\/wp\/v2\/tags?post=3245"}],"curies":[{"name":"wp","href":"https:\/\/api.w.org\/{rel}","templated":true}]}}