{"id":3457,"date":"2026-09-05T04:00:00","date_gmt":"2026-09-05T02:00:00","guid":{"rendered":"https:\/\/www.mayaelle.org\/fr\/2026\/09\/05\/mode-demploi-inverse-violence-dans-la-cour-decole\/"},"modified":"2026-09-05T04:00:00","modified_gmt":"2026-09-05T02:00:00","slug":"mode-demploi-inverse-violence-dans-la-cour-decole","status":"publish","type":"post","link":"https:\/\/www.mayaelle.org\/fr\/2026\/09\/05\/mode-demploi-inverse-violence-dans-la-cour-decole\/","title":{"rendered":"Mode d&#8217;emploi invers\u00e9 : violence dans la cour d&rsquo;\u00e9cole"},"content":{"rendered":"<p><iframe loading=\"lazy\" frameborder=\"0\" height=\"200px\" scrolling=\"no\" width=\"100%\" src=\"https:\/\/widget.ausha.co\/index.html?podcastId=kkv4KtERjAPe&amp;display=horizontal&amp;v=2\"><\/iframe><\/p>\n<p>Nous avons, collectivement, les cl\u00e9s pour changer la donne des la cour de r\u00e9cr\u00e9.<\/p>\n<p>Aujourd\u2019hui nous connaissons les m\u00e9canismes pr\u00e9cis, identifiables et, surtout, r\u00e9versibles de ce qui peut se jouer dans un contexte scolaire.<\/p>\n<p>Nous savons aujourd&rsquo;hui comment le cerveau de l&rsquo;enfant se construit dans la s\u00e9curit\u00e9 affective.<\/p>\n<p>Nous savons que valider un ressenti, c&rsquo;est poser la premi\u00e8re brique de sa r\u00e9silience. Nous savons que briser le secret, c&rsquo;est d\u00e9sarmer l&rsquo;agresseur.<\/p>\n<p>Aujourd\u2019hui, nous avons les outils pour pr\u00e9venir et\u00a0 r\u00e9parer, si besoin. <br \/>Qu\u2019on soit parent, enseignant ou simplement un adulte bienveillant, notre r\u00f4le n&rsquo;est pas d&rsquo;\u00eatre parfait, mais d&rsquo;\u00eatre pr\u00e9sent.<\/p>\n<p>Pr\u00e9sent pour \u00e9couter ce qui ne se dit pas, pour croire ce qui semble incroyable, et pour offrir \u00e0 ces enfants, qu&rsquo;ils soient victimes en devenir ou agresseurs en devenir, des outils pour changer la donne.<\/p>\n<\/p>\n<p>\ud83c\udf99\ufe0f Pour aller plus loin :<a href=\"https:\/\/www.mayaelle.org\/fr\/programme-jeunes\/\"> Groupes et programmes de psycho\u00e9ducation &#8211; Personnes concern\u00e9es et proches d&rsquo;autistes<\/a><\/p>\n<p>\ud83d\ude4c Si vous voulez soutenir ce travail b\u00e9n\u00e9vole<a href=\"https:\/\/fr.tipeee.com\/fais-un-effort\/\" target=\"_blank\" rel=\"noopener\"> c&rsquo;est sur Tipeee, merci !<\/a><\/p>\n<p>\ud83d\udcc5 Cette chronique sort d\u00e9sormais chaque 1er samedi du mois<\/p>\n<p>\ud83d\udd87\ufe0f Dans ces chroniques, je vous partage mes comp\u00e9tences de pair aidante familiale professionnelle et en psycho\u00e9ducation ainsi que mon expertise d&rsquo;usage<\/p>\n<p>\ud83e\uddd1\u200d\u2695\ufe0f Demandez aide et conseils au professionnel de sant\u00e9 qui vous accompagne<\/p>\n<p>\ud83e\udd1d Connaitre vos droits en tant que personne autiste et les recommandations de bonnes pratique: consultez la <a href=\"https:\/\/www.has-sante.fr\/jcms\/c_2006477\/fr\/trouble-du-spectre-de-l-autisme-interventions-et-parcours-de-vie-de-l-adulte\" target=\"_blank\" rel=\"noopener\">HAS<\/a><\/p>\n<p>\ud83e\udd17 Ressources, s\u00e9ances, ateliers d&rsquo;assertivit\u00e9 sur mon <a href=\"https:\/\/mayaelle.org\" target=\"_blank\" rel=\"noopener\">site internet<\/a><\/p>\n<\/p>\n<p>H\u00e9berg\u00e9 par Ausha. Visitez <a href=\"https:\/\/ausha.co\/politique-de-confidentialite\" target=\"_blank\" rel=\"noopener\">ausha.co\/politique-de-confidentialite<\/a> pour plus d&rsquo;informations.<\/p>\n","protected":false},"excerpt":{"rendered":"<p>Nous avons, collectivement, les cl\u00e9s pour changer la donne des la cour de r\u00e9cr\u00e9.<br \/>\nAujourd\u2019hui nous connaissons les m\u00e9canismes pr\u00e9cis, identifiables et, surtout, r\u00e9versibles de ce qui peut se jouer dans un contexte scolaire.<br \/>\nNous savons aujourd&rsquo;hui comm&#8230;<\/p>\n","protected":false},"author":2,"featured_media":3458,"comment_status":"","ping_status":"","sticky":false,"template":"","format":"standard","meta":{"footnotes":""},"categories":[3],"tags":[],"class_list":["post-3457","post","type-post","status-publish","format-standard","has-post-thumbnail","hentry","category-podcast"],"pbg_featured_image_src":{"full":["https:\/\/www.mayaelle.org\/fr\/wp-content\/uploads\/2026\/09\/2w59f7bqS9LzsSUo4vVDQsv0kbhvQMRzijPmnmim_1400x1400.jpeg",1400,1400,false],"thumbnail":["https:\/\/www.mayaelle.org\/fr\/wp-content\/uploads\/2026\/09\/2w59f7bqS9LzsSUo4vVDQsv0kbhvQMRzijPmnmim_1400x1400-150x150.jpeg",150,150,true],"medium":["https:\/\/www.mayaelle.org\/fr\/wp-content\/uploads\/2026\/09\/2w59f7bqS9LzsSUo4vVDQsv0kbhvQMRzijPmnmim_1400x1400-300x300.jpeg",300,300,true],"medium_large":["https:\/\/www.mayaelle.org\/fr\/wp-content\/uploads\/2026\/09\/2w59f7bqS9LzsSUo4vVDQsv0kbhvQMRzijPmnmim_1400x1400-768x768.jpeg",768,768,true],"large":["https:\/\/www.mayaelle.org\/fr\/wp-content\/uploads\/2026\/09\/2w59f7bqS9LzsSUo4vVDQsv0kbhvQMRzijPmnmim_1400x1400-1024x1024.jpeg",1024,1024,true],"1536x1536":["https:\/\/www.mayaelle.org\/fr\/wp-content\/uploads\/2026\/09\/2w59f7bqS9LzsSUo4vVDQsv0kbhvQMRzijPmnmim_1400x1400.jpeg",1400,1400,false],"2048x2048":["https:\/\/www.mayaelle.org\/fr\/wp-content\/uploads\/2026\/09\/2w59f7bqS9LzsSUo4vVDQsv0kbhvQMRzijPmnmim_1400x1400.jpeg",1400,1400,false]},"pbg_author_info":{"display_name":"Yaelle Zoller","author_link":"https:\/\/www.mayaelle.org\/fr\/author\/yaelle\/","author_img":"<img src=\"https:\/\/www.mayaelle.org\/fr\/wp-content\/plugins\/profilegrid-user-profiles-groups-and-communities\/public\/\/partials\/images\/default-user.png\" width=\"128\" height=\"128\" class=\"user-profile-image\" \/>"},"pbg_comment_info":" No Comments","pbg_excerpt":"Nous avons, collectivement, les cl\u00e9s pour changer la donne des la cour de r\u00e9cr\u00e9. Aujourd\u2019hui nous connaissons les m\u00e9canismes pr\u00e9cis, identifiables et, surtout, r\u00e9versibles de ce qui peut se jouer dans un contexte scolaire. Nous savons aujourd'hui comm...","_links":{"self":[{"href":"https:\/\/www.mayaelle.org\/fr\/wp-json\/wp\/v2\/posts\/3457","targetHints":{"allow":["GET"]}}],"collection":[{"href":"https:\/\/www.mayaelle.org\/fr\/wp-json\/wp\/v2\/posts"}],"about":[{"href":"https:\/\/www.mayaelle.org\/fr\/wp-json\/wp\/v2\/types\/post"}],"author":[{"embeddable":true,"href":"https:\/\/www.mayaelle.org\/fr\/wp-json\/wp\/v2\/users\/2"}],"replies":[{"embeddable":true,"href":"https:\/\/www.mayaelle.org\/fr\/wp-json\/wp\/v2\/comments?post=3457"}],"version-history":[{"count":0,"href":"https:\/\/www.mayaelle.org\/fr\/wp-json\/wp\/v2\/posts\/3457\/revisions"}],"wp:featuredmedia":[{"embeddable":true,"href":"https:\/\/www.mayaelle.org\/fr\/wp-json\/wp\/v2\/media\/3458"}],"wp:attachment":[{"href":"https:\/\/www.mayaelle.org\/fr\/wp-json\/wp\/v2\/media?parent=3457"}],"wp:term":[{"taxonomy":"category","embeddable":true,"href":"https:\/\/www.mayaelle.org\/fr\/wp-json\/wp\/v2\/categories?post=3457"},{"taxonomy":"post_tag","embeddable":true,"href":"https:\/\/www.mayaelle.org\/fr\/wp-json\/wp\/v2\/tags?post=3457"}],"curies":[{"name":"wp","href":"https:\/\/api.w.org\/{rel}","templated":true}]}}